[{"@context":"https:\/\/schema.org\/","@type":"Article","@id":"https:\/\/www.mevik.cz\/osvetleni-v-centru-pozornosti\/#Article","mainEntityOfPage":"https:\/\/www.mevik.cz\/osvetleni-v-centru-pozornosti\/","headline":"Osv\u011btlen\u00ed v centru pozornosti","name":"Osv\u011btlen\u00ed v centru pozornosti","description":"Lustry b\u00fdvaly \u010dasto dominantou m\u00edstnosti, zvl\u00e1\u0161t\u011b, pokud se jednalo o prostornou m\u00edstnost s vysok\u00fdm stropem, vyj\u00edmal se kr\u00e1sn\u011b zdoben\u00fd k\u0159i\u0161\u0165\u00e1lov\u00fd lustr v takov\u00e9m pokoji jako opravdov\u00fd klenot. Sice se od minul\u00fdch dob \u010dasy pon\u011bkud zm\u011bnily, stropn\u00ed osv\u011btlen\u00ed ale st\u00e1le pot\u0159ebuje ka\u017ed\u00fd. Ale na ka\u017ed\u00fd typ se hod\u00ed ka\u017ed\u00e9mu a tak\u00e9 je rozd\u00edl, po\u0159izujeme-li sv\u00edtidlo nap\u0159\u00edklad <a href=\"https:\/\/www.mevik.cz\/osvetleni-v-centru-pozornosti\/\"> read more <span class=\"meta-nav\">&raquo;<\/span><\/a>","datePublished":"2022-02-11","dateModified":"2022-02-11","author":{"@type":"Person","@id":"https:\/\/www.mevik.cz\/author\/#Person","name":"","url":"https:\/\/www.mevik.cz\/author\/","identifier":1,"image":{"@type":"ImageObject","@id":"https:\/\/secure.gravatar.com\/avatar\/32bc2d377216483c132a3bbf038b8838926e0616f1b3d0e9cb50d997f0b052ba?s=96&d=mm&r=g","url":"https:\/\/secure.gravatar.com\/avatar\/32bc2d377216483c132a3bbf038b8838926e0616f1b3d0e9cb50d997f0b052ba?s=96&d=mm&r=g","height":96,"width":96}},"publisher":{"@type":"Organization","name":"mevik.cz","logo":{"@type":"ImageObject","@id":"\/logo.png","url":"\/logo.png","width":600,"height":60}},"image":{"@type":"ImageObject","@id":"https:\/\/www.mevik.cz\/wp-content\/uploads\/sklen%C4%9Bn%C3%BD%20lustr_1.jpg","url":"https:\/\/www.mevik.cz\/wp-content\/uploads\/sklen%C4%9Bn%C3%BD%20lustr_1.jpg","height":0,"width":0},"url":"https:\/\/www.mevik.cz\/osvetleni-v-centru-pozornosti\/","about":["N\u00e1kupy"],"wordCount":423,"articleBody":"      Lustry b\u00fdvaly \u010dasto dominantou m\u00edstnosti, zvl\u00e1\u0161t\u011b, pokud se jednalo o prostornou m\u00edstnost s vysok\u00fdm stropem, vyj\u00edmal se kr\u00e1sn\u011b zdoben\u00fd k\u0159i\u0161\u0165\u00e1lov\u00fd lustr v takov\u00e9m pokoji jako opravdov\u00fd klenot. Sice se od minul\u00fdch dob \u010dasy pon\u011bkud zm\u011bnily, stropn\u00ed osv\u011btlen\u00ed ale st\u00e1le pot\u0159ebuje ka\u017ed\u00fd.Ale na ka\u017ed\u00fd typ se hod\u00ed ka\u017ed\u00e9mu a tak\u00e9 je rozd\u00edl, po\u0159izujeme-li sv\u00edtidlo nap\u0159\u00edklad do kuchyn\u011b \u010di do lo\u017enice. Lustry se s dobou v b\u011b\u017en\u00fdch dom\u00e1cnostech obecn\u011b sp\u00ed\u0161e zmen\u0161uj\u00ed a zjednodu\u0161uj\u00ed. Je to \u0161koda, ale je to logick\u00e9 &#8211; sv\u00edtidla maj\u00ed lep\u0161\u00ed v\u00fdkon, nen\u00ed t\u0159eba tolik m\u00edst na dal\u0161\u00ed \u017e\u00e1rovky, stropy nejsou tak vysok\u00e9\u2026 d\u016fvod\u016f je mnoho. Stropn\u00ed osv\u011btlen\u00ed pak ale ustupuje do pozad\u00ed a t\u00e9m\u011b\u0159 jej nevn\u00edm\u00e1me. M\u016f\u017ee to b\u00fdt z\u00e1m\u011br &#8211; osv\u011btlen\u00ed pro n\u011bkoho m\u00e1 z\u016fstat sp\u00ed\u0161e nen\u00e1padnou a efektivn\u00ed z\u00e1le\u017eitost\u00ed. N\u011bkdo jin\u00fd by v\u0161ak r\u00e1d spojil u\u017eitek s kr\u00e1sou a designov\u00fdm po\u010dinem a po\u0159\u00edd\u00ed si opravdu kr\u00e1sn\u00fd lustr podle sv\u00e9ho vkusu a za\u0159\u00edzen\u00ed m\u00edstnosti.A\u0165 u\u017e pat\u0159\u00edte do kter\u00e9koli z t\u011bchto dvou skupin nebo stoj\u00edte n\u011bkde mezi nimi, pro v\u0161echny je zde e-shop, kde si m\u016f\u017ee vybrat ka\u017ed\u00fd &#8211; Designov\u00e9 lustry Praha nab\u00edzej\u00ed \u0161irokou \u0161k\u00e1lu stropn\u00edch (ale i jin\u00fdch) sv\u00edtidel a objednat si je m\u016f\u017ee ka\u017ed\u00fd, doru\u010duj\u00ed samoz\u0159ejm\u011b kamkoli i mimo Prahu. M\u016f\u017eete vyb\u00edrat podle po\u010dtu \u017e\u00e1rovek, barvy, tvaru, stylu, typu mont\u00e1\u017ee nebo jen tak proch\u00e1zet a hledat inspiraci des\u00edtkami stran r\u016fzn\u00fdch kr\u00e1sn\u00fdch a modern\u00edch lustr\u016f. Na sv\u00e9 si p\u0159ijdou jak milovn\u00edci jednoduch\u00fdch lini\u00ed, tak ti, kte\u0159\u00ed hledaj\u00ed romantick\u00fd lustr jako ze z\u00e1mku. S t\u0159\u00edd\u011bn\u00edm n\u00e1m nejsp\u00ed\u0161e nejl\u00e9pe pom\u016f\u017ee z\u00e1lo\u017eka \u201cstyl\u201d, kde si m\u016f\u017eeme vybrat od klasiky, p\u0159es floristick\u00e9, industri\u00e1ln\u00ed, modern\u00ed, rustik\u00e1ln\u00ed a\u017e po styly typu Provence \u010di Skandin\u00e1vie. V\u00fdb\u011br je opravdu velk\u00fd a v\u011b\u0159\u00edm, \u017ee uspokoj\u00ed ka\u017ed\u00e9ho s jeho individu\u00e1ln\u00edmi po\u017eadavky. V\u011bnujte pozornost v\u00fdb\u011bru va\u0161eho nov\u00e9ho lustru a nechte pak, aby pozornost vzbuzoval on. Bude v\u00e1m po mnoho let p\u0159in\u00e1\u0161et do va\u0161eho \u017eivota sv\u011btlo.                                                                                                                                                                                                                                                                                                                                                                                                  "},{"@context":"https:\/\/schema.org\/","@type":"BreadcrumbList","itemListElement":[{"@type":"ListItem","position":1,"name":"Osv\u011btlen\u00ed v centru pozornosti","item":"https:\/\/www.mevik.cz\/osvetleni-v-centru-pozornosti\/#breadcrumbitem"}]}]