[{"@context":"https:\/\/schema.org\/","@type":"Article","@id":"https:\/\/www.mevik.cz\/nakupujeme-v-second-handu\/#Article","mainEntityOfPage":"https:\/\/www.mevik.cz\/nakupujeme-v-second-handu\/","headline":"Nakupujeme v second handu","name":"Nakupujeme v second handu","description":"Second handy se ji\u017e v devades\u00e1t\u00fdch letech staly jak\u00fdmsi symbolem n\u011b\u010deho, co se vymykalo b\u011b\u017en\u00fdm tradic\u00edm prodeje textilu a obuvi. Jestli\u017ee jste toti\u017e za\u0161li do butiku, kde se tou dobou velmi dob\u0159e prod\u00e1valy nap\u0159\u00edklad \u201epl\u00eds\u0148ov\u00e9 d\u017e\u00edny\u201c, i kdy\u017e jejich cena vysoce p\u0159evy\u0161ovala v\u00fdrobn\u00ed n\u00e1klady, \u0161lo o prost\u0159ed\u00ed pom\u011brn\u011b noblesn\u00ed, a mnoz\u00ed prodejci si tam tak\u00e9 <a href=\"https:\/\/www.mevik.cz\/nakupujeme-v-second-handu\/\"> read more <span class=\"meta-nav\">&raquo;<\/span><\/a>","datePublished":"2023-08-20","dateModified":"2023-09-20","author":{"@type":"Person","@id":"https:\/\/www.mevik.cz\/author\/#Person","name":"","url":"https:\/\/www.mevik.cz\/author\/","identifier":1,"image":{"@type":"ImageObject","@id":"https:\/\/secure.gravatar.com\/avatar\/32bc2d377216483c132a3bbf038b8838926e0616f1b3d0e9cb50d997f0b052ba?s=96&d=mm&r=g","url":"https:\/\/secure.gravatar.com\/avatar\/32bc2d377216483c132a3bbf038b8838926e0616f1b3d0e9cb50d997f0b052ba?s=96&d=mm&r=g","height":96,"width":96}},"publisher":{"@type":"Organization","name":"mevik.cz","logo":{"@type":"ImageObject","@id":"\/logo.png","url":"\/logo.png","width":600,"height":60}},"image":{"@type":"ImageObject","@id":"https:\/\/www.mevik.cz\/wp-content\/uploads\/zip-1268656_640.jpg","url":"https:\/\/www.mevik.cz\/wp-content\/uploads\/zip-1268656_640.jpg","height":0,"width":0},"url":"https:\/\/www.mevik.cz\/nakupujeme-v-second-handu\/","about":["N\u00e1kupy"],"wordCount":402,"articleBody":"   Second handy se ji\u017e v devades\u00e1t\u00fdch letech staly jak\u00fdmsi symbolem n\u011b\u010deho, co se vymykalo b\u011b\u017en\u00fdm tradic\u00edm prodeje textilu a obuvi. Jestli\u017ee jste toti\u017e za\u0161li do butiku, kde se tou dobou velmi dob\u0159e prod\u00e1valy nap\u0159\u00edklad \u201epl\u00eds\u0148ov\u00e9 d\u017e\u00edny\u201c, i kdy\u017e jejich cena vysoce p\u0159evy\u0161ovala v\u00fdrobn\u00ed n\u00e1klady, \u0161lo o prost\u0159ed\u00ed pom\u011brn\u011b noblesn\u00ed, a mnoz\u00ed prodejci si tam tak\u00e9 noblesn\u011b p\u0159ipadali. Second hand byl tehdy naopak \u010d\u00edmsi opovrhovan\u00fdm, kam lid\u00e9 odkl\u00e1daj\u00ed to, co ji\u017e nepot\u0159ebuj\u00ed, co se jim nel\u00edb\u00ed, anebo z \u010deho ji\u017e \u201evyrostli\u201c. Bohu\u017eel tomu nahr\u00e1val i omezen\u00fd sortiment a zvl\u00e1\u0161tn\u00ed \u201epach\u201c t\u011bchto obchod\u016f a mo\u017en\u00e1, \u017ee i to bylo d\u016fvodem, pro\u010d tehdy p\u0159itahoval i sv\u00e9r\u00e1zn\u00e9 osoby s n\u00edzk\u00fdmi p\u0159\u00edjmy.Doba se v\u0161ak m\u011bn\u00ed, od t\u00e9 doby uplynula t\u0159i desetilet\u00ed, a povaha \u201esek\u00e1\u010d\u016f\u201c je dnes ji\u017e zcela odli\u0161n\u00e1. V prvn\u00ed \u0159ad\u011b se tu obm\u011bnil sortiment a objev\u00edte tu mnohdy velice zaj\u00edmav\u00e9 kousky. Je to d\u00e1no nasycen\u00edm trhu textilem a obuv\u00ed a velk\u00fdm mno\u017estv\u00edm v\u00fdrobk\u016f, z nich\u017e mnoho je vynikaj\u00edc\u00ed kvality a za rozumnou cenu. V sou\u010dasn\u00fdch second handech se tak mnohdy ocit\u00e1 i to, co je t\u00e9m\u011b\u0159 nepou\u017e\u00edvan\u00e9, v podstat\u011b skoro jako nov\u00e9, ale za v\u00edce ne\u017e polovi\u010dn\u00ed cenu. V\u00fdhodou n\u00e1kupu v t\u011bchto obchodech jsou i sepran\u00e9 bavln\u011bn\u00e9 l\u00e1tky, mo\u017en\u00e1 to sami zn\u00e1te z vlastn\u00ed zku\u0161enosti \u2013 koupili jste si bavln\u011bn\u00e9 povle\u010den\u00ed, sice barevn\u00e9, ale z\u0159ejm\u011b kombinace barviva a nesepran\u00e9 tkaniny z n\u011bj vytvo\u0159ila hrub\u00fd materi\u00e1l na dotek, a teprve po p\u011btadvac\u00e1t\u00e9m vypr\u00e1n\u00ed se tkanina zm\u011bk\u010dila a je kone\u010dn\u011b p\u0159\u00edjemn\u00e1. Nesepran\u00e9 bavln\u011bn\u00e9 l\u00e1tky jsou nep\u0159\u00edjemn\u00e9 zejm\u00e9na u tri\u010dek, tepl\u00e1k\u016f, py\u017eam \u010di spodn\u00edho pr\u00e1dla, ov\u0161em jestli\u017ee toto po\u0159\u00edd\u00edte ze second handu, m\u00e1te v podstat\u011b jistotu, \u017ee v\u0161e bude dostate\u010dn\u011b m\u011bkk\u00e9 a hebk\u00e9. A jedna rada na z\u00e1v\u011br: Pokud nakupujete v\u00fdrobky online, d\u016fkladn\u011b prom\u011b\u0159te svou velikost, abyste se vyvarovali p\u0159\u00edpadn\u00e9mu vracen\u00ed, co\u017e by mohlo zbyte\u010dn\u011b cel\u00fd proces n\u00e1kupu prodra\u017eit.                                                                                                                                                                                                                                                                                                                                                                                          5\/5 - (4 votes)        "},{"@context":"https:\/\/schema.org\/","@type":"BreadcrumbList","itemListElement":[{"@type":"ListItem","position":1,"name":"Nakupujeme v second handu","item":"https:\/\/www.mevik.cz\/nakupujeme-v-second-handu\/#breadcrumbitem"}]}]